{"id":3256,"date":"2025-03-19T13:25:15","date_gmt":"2025-03-19T16:25:15","guid":{"rendered":"https:\/\/www.comodoro.gov.ar\/intranet\/?p=3256"},"modified":"2025-04-23T14:38:36","modified_gmt":"2025-04-23T17:38:36","slug":"busqueda-de-personal-administrativo-ireccion-general-del-servicio-de-proteccion-de-derechos-de-la-ninez-adolescencia-y-familia","status":"publish","type":"post","link":"https:\/\/www.comodoro.gov.ar\/intranet\/2025\/03\/19\/busqueda-de-personal-administrativo-ireccion-general-del-servicio-de-proteccion-de-derechos-de-la-ninez-adolescencia-y-familia\/","title":{"rendered":"(Finalizada) B\u00fasqueda de personal administrativo &#8211; Direcci\u00f3n General del Servicio de Protecci\u00f3n de Derechos de la Ni\u00f1ez, Adolescencia y Familia"},"content":{"rendered":"<p><span style=\"color: #000000;\">La Direcci\u00f3n General del Servicio de Protecci\u00f3n de Derechos de la Ni\u00f1ez, Adolescencia y Familia dependiente de la Secretar\u00eda de Desarrollo Humano y Familia requiere cubrir un puesto de Auxiliar Administrativo entre personal interno municipal de planta permanente y transitoria. \u00a0<\/span><\/p>\n<p><span style=\"color: #000000;\">Los interesados deber\u00e1n enviar su Curriculum Vitae al correo electr\u00f3nico <strong><a href=\"mailto:relacioneslaborales@comodoro.gov.ar\" target=\"_blank\" rel=\"noopener\">relacioneslaborales@comodoro.gov.ar<\/a><\/strong>\u00a0 <strong>antes del 28 de marzo de 2025 y aguardar la convocatoria<\/strong> para la entrevista.<\/span><\/p>\n<p><span style=\"color: #000000;\">Para cualquier consulta, pueden comunicarse al celular oficial <strong>2974248749<\/strong> o al tel\u00e9fono fijo <strong>5962850<\/strong>.<\/span><\/p>\n<p><span style=\"color: #000000;\">Tareas a realizar \u2013 Seg\u00fan organigrama vigente Res. N\u00b0 2204\/22 \u2013 06\/07\/22<\/span><\/p>\n<p><span style=\"color: #000000;\">AUXILIARES ADMINISTRATIVOS \u2013 Cat. A-10\/E-13\/E-15\/18\/19 DEPENDIENTES DE DIRECCI\u00d3N ADMINISTRATIVA \u2013 DG SERVICIO DE PROTECCI\u00d3N DE DERECHOS DE LA NI\u00d1EZ, ADOLESCENCIA Y FAMILIA<\/span><\/p>\n<ul>\n<li><span style=\"color: #000000;\">Elaborar notas solicitadas por la Superioridad.<\/span><\/li>\n<li><span style=\"color: #000000;\">Elaborar informes escritos y digitales.<\/span><\/li>\n<li><span style=\"color: #000000;\">Recibir y distribuir la documentaci\u00f3n que ingrese y egresa al \u00e1rea.<\/span><\/li>\n<li><span style=\"color: #000000;\">Armar y foliar expedientes.<\/span><\/li>\n<li><span style=\"color: #000000;\">Archivar toda la documentaci\u00f3n del \u00e1rea.<\/span><\/li>\n<li><span style=\"color: #000000;\">Informar sobre los expedientes obrantes en la Direcci\u00f3n General del Servicio de Protecci\u00f3n de Derechos de la Ni\u00f1ez, Adolescencia y Familia.<\/span><\/li>\n<li><span style=\"color: #000000;\">Ingresar datos en las bases respectivas y operar planillas de c\u00e1lculo ya establecidas por la Superioridad.<\/span><\/li>\n<li><span style=\"color: #000000;\">Colaborar con la atenci\u00f3n al p\u00fablico interno y externo, en forma personal y telef\u00f3nica.<\/span><\/li>\n<li><span style=\"color: #000000;\">Colaborar con la organizaci\u00f3n de eventos y reuniones.<\/span><\/li>\n<li><span style=\"color: #000000;\">Distribuir materiales, \u00fatiles y elementos para el desempe\u00f1o de las tareas de otros empleados de la Direcci\u00f3n General del Servicio de Protecci\u00f3n de Derechos de la Ni\u00f1ez, Adolescencia y Familia.<\/span><\/li>\n<li><span style=\"color: #000000;\">Ayudar con otros empleados en la ejecuci\u00f3n de tareas administrativas.<\/span><\/li>\n<li><span style=\"color: #000000;\">Participar de charlas, cursos de capacitaci\u00f3n.<\/span><\/li>\n<li><span style=\"color: #000000;\">Resguardar y proteger los bienes materiales que se asignen para el ejercicio de sus funciones y tareas. \u00a0<\/span><\/li>\n<li><span style=\"color: #000000;\">Requerimientos para el puesto<\/span><\/li>\n<li><span style=\"color: #000000;\">Poseer conocimientos de Word, Excel avanzado, Google Drive, manejo de estad\u00edsticas y digitalizaci\u00f3n de documentaci\u00f3n.<\/span><\/li>\n<li><span style=\"color: #000000;\">Ser una persona responsable, disciplinada, comprometida con el trabajo, colaboradora, innovadora y con iniciativa.<\/span><\/li>\n<li><span style=\"color: #000000;\">Desenvolverse de forma clara y precisa, demostrar buen manejo de relaciones interpersonales y capacidad para trabajar en equipo. \u00a0\u00a0<\/span><\/li>\n<\/ul>\n","protected":false},"excerpt":{"rendered":"<p>La Direcci\u00f3n General del Servicio de Protecci\u00f3n de Derechos de la Ni\u00f1ez, Adolescencia y Familia<\/p>\n","protected":false},"author":1,"featured_media":3295,"comment_status":"closed","ping_status":"closed","sticky":false,"template":"","format":"standard","meta":{"footnotes":""},"categories":[20],"tags":[],"class_list":["post-3256","post","type-post","status-publish","format-standard","has-post-thumbnail","hentry","category-concursos"],"_links":{"self":[{"href":"https:\/\/www.comodoro.gov.ar\/intranet\/wp-json\/wp\/v2\/posts\/3256","targetHints":{"allow":["GET"]}}],"collection":[{"href":"https:\/\/www.comodoro.gov.ar\/intranet\/wp-json\/wp\/v2\/posts"}],"about":[{"href":"https:\/\/www.comodoro.gov.ar\/intranet\/wp-json\/wp\/v2\/types\/post"}],"author":[{"embeddable":true,"href":"https:\/\/www.comodoro.gov.ar\/intranet\/wp-json\/wp\/v2\/users\/1"}],"replies":[{"embeddable":true,"href":"https:\/\/www.comodoro.gov.ar\/intranet\/wp-json\/wp\/v2\/comments?post=3256"}],"version-history":[{"count":4,"href":"https:\/\/www.comodoro.gov.ar\/intranet\/wp-json\/wp\/v2\/posts\/3256\/revisions"}],"predecessor-version":[{"id":3296,"href":"https:\/\/www.comodoro.gov.ar\/intranet\/wp-json\/wp\/v2\/posts\/3256\/revisions\/3296"}],"wp:featuredmedia":[{"embeddable":true,"href":"https:\/\/www.comodoro.gov.ar\/intranet\/wp-json\/wp\/v2\/media\/3295"}],"wp:attachment":[{"href":"https:\/\/www.comodoro.gov.ar\/intranet\/wp-json\/wp\/v2\/media?parent=3256"}],"wp:term":[{"taxonomy":"category","embeddable":true,"href":"https:\/\/www.comodoro.gov.ar\/intranet\/wp-json\/wp\/v2\/categories?post=3256"},{"taxonomy":"post_tag","embeddable":true,"href":"https:\/\/www.comodoro.gov.ar\/intranet\/wp-json\/wp\/v2\/tags?post=3256"}],"curies":[{"name":"wp","href":"https:\/\/api.w.org\/{rel}","templated":true}]}}