{"id":3572,"date":"2025-07-16T10:25:45","date_gmt":"2025-07-16T13:25:45","guid":{"rendered":"https:\/\/www.comodoro.gov.ar\/intranet\/?p=3572"},"modified":"2026-02-24T11:50:27","modified_gmt":"2026-02-24T14:50:27","slug":"fecha-de-la-publicacion","status":"publish","type":"post","link":"https:\/\/www.comodoro.gov.ar\/intranet\/2025\/07\/16\/fecha-de-la-publicacion\/","title":{"rendered":"Fecha de la publicaci\u00f3n"},"content":{"rendered":"<p>En toda publicaci\u00f3n de la INTRANET est\u00e1 visible la fecha de publicaci\u00f3n.<\/p>\n<p>Adem\u00e1s, cuando se trata de contenidos asociados a normativas o acciones y eventos temporales, se indica el periodo o fecha del mismo.<\/p>\n<p>Sin importar el momento de difusi\u00f3n mediante el NEWSLETTER o Bolet\u00edn de Novedades, la fecha indicada en la publicaci\u00f3n determina la vigencia o caducidad de la publicaci\u00f3n.<\/p>\n<p>Por eso hay que <strong>leer y verificar<\/strong> estos datos.<\/p>\n<p><strong>La siguiente es una imagen ilustrativa<\/strong><\/p>\n<p><img fetchpriority=\"high\" decoding=\"async\" class=\"alignnone wp-image-4118 size-large\" src=\"https:\/\/www.comodoro.gov.ar\/intranet\/wp-content\/uploads\/2025\/07\/FechadelaPublicacion-1024x683.png\" alt=\"\" width=\"640\" height=\"427\" srcset=\"https:\/\/www.comodoro.gov.ar\/intranet\/wp-content\/uploads\/2025\/07\/FechadelaPublicacion-1024x683.png 1024w, https:\/\/www.comodoro.gov.ar\/intranet\/wp-content\/uploads\/2025\/07\/FechadelaPublicacion-300x200.png 300w, https:\/\/www.comodoro.gov.ar\/intranet\/wp-content\/uploads\/2025\/07\/FechadelaPublicacion-768x512.png 768w, https:\/\/www.comodoro.gov.ar\/intranet\/wp-content\/uploads\/2025\/07\/FechadelaPublicacion.png 1536w\" sizes=\"(max-width: 640px) 100vw, 640px\" \/><\/p>\n<p>&nbsp;<\/p>\n","protected":false},"excerpt":{"rendered":"<p>En toda publicaci\u00f3n de la INTRANET est\u00e1 visible la fecha de publicaci\u00f3n. Adem\u00e1s, cuando se<\/p>\n","protected":false},"author":1,"featured_media":3576,"comment_status":"closed","ping_status":"closed","sticky":false,"template":"","format":"standard","meta":{"footnotes":""},"categories":[10,72,73],"tags":[],"class_list":["post-3572","post","type-post","status-publish","format-standard","has-post-thumbnail","hentry","category-capacitacion","category-comunicados","category-destacadas"],"_links":{"self":[{"href":"https:\/\/www.comodoro.gov.ar\/intranet\/wp-json\/wp\/v2\/posts\/3572","targetHints":{"allow":["GET"]}}],"collection":[{"href":"https:\/\/www.comodoro.gov.ar\/intranet\/wp-json\/wp\/v2\/posts"}],"about":[{"href":"https:\/\/www.comodoro.gov.ar\/intranet\/wp-json\/wp\/v2\/types\/post"}],"author":[{"embeddable":true,"href":"https:\/\/www.comodoro.gov.ar\/intranet\/wp-json\/wp\/v2\/users\/1"}],"replies":[{"embeddable":true,"href":"https:\/\/www.comodoro.gov.ar\/intranet\/wp-json\/wp\/v2\/comments?post=3572"}],"version-history":[{"count":6,"href":"https:\/\/www.comodoro.gov.ar\/intranet\/wp-json\/wp\/v2\/posts\/3572\/revisions"}],"predecessor-version":[{"id":4121,"href":"https:\/\/www.comodoro.gov.ar\/intranet\/wp-json\/wp\/v2\/posts\/3572\/revisions\/4121"}],"wp:featuredmedia":[{"embeddable":true,"href":"https:\/\/www.comodoro.gov.ar\/intranet\/wp-json\/wp\/v2\/media\/3576"}],"wp:attachment":[{"href":"https:\/\/www.comodoro.gov.ar\/intranet\/wp-json\/wp\/v2\/media?parent=3572"}],"wp:term":[{"taxonomy":"category","embeddable":true,"href":"https:\/\/www.comodoro.gov.ar\/intranet\/wp-json\/wp\/v2\/categories?post=3572"},{"taxonomy":"post_tag","embeddable":true,"href":"https:\/\/www.comodoro.gov.ar\/intranet\/wp-json\/wp\/v2\/tags?post=3572"}],"curies":[{"name":"wp","href":"https:\/\/api.w.org\/{rel}","templated":true}]}}