{"id":517,"date":"2025-07-10T09:32:13","date_gmt":"2025-07-10T12:32:13","guid":{"rendered":"http:\/\/www.comodoro.gov.ar\/intranet\/?p=517"},"modified":"2025-07-15T09:57:47","modified_gmt":"2025-07-15T12:57:47","slug":"manual-de-buenas-practicas-mbp-las-notas","status":"publish","type":"post","link":"https:\/\/www.comodoro.gov.ar\/intranet\/2025\/07\/10\/manual-de-buenas-practicas-mbp-las-notas\/","title":{"rendered":"Buenas Pr\u00e1cticas para redactar y responder notas y correos electr\u00f3nicos"},"content":{"rendered":"<p><span style=\"color: #000000;\">Las notas y los correos electr\u00f3nicos no son un accesorio administrativo, son un veh\u00edculo comunicacional y una herramienta de trabajo.<\/span><\/p>\n<p><span style=\"color: #000000;\">Mediante las notas y los e-mails, se informa, se gestiona, se pide informaci\u00f3n, se ratifica o se rectifica, etc. etc.<\/span><\/p>\n<p>L<span style=\"color: #000000;\">as notas y los e-mails deben respetar el marco institucional y su redacci\u00f3n sera cuidada y clara.<\/span><\/p>\n<p><span style=\"color: #000000;\">Los objetivos de la misma deben ser claros y directos.<\/span><\/p>\n<p><span style=\"color: #000000;\">El emisor no debe dejar librado a la libre interpretaci\u00f3n del receptor el motivo u objetivo de la nota o del e-mail.<\/span><\/p>\n<p><span style=\"color: #000000;\">Aunque el tema o asunto se haya pautado o consensuado de forma verbal, la nota o el e-mail debe incorporar todos los datos necesarios para cumplir su objetivo<\/span>.<\/p>\n<p><span style=\"color: #000000;\"><strong>Siempre<\/strong> se debe indicar el destinatario y <strong>siempre<\/strong> se debe indicar el remitente o emisor.<\/span><\/p>\n<p><span style=\"color: #000000;\">Si hay m\u00e1s de un destinatario, los mismos se deben indicar en el campo &#8220;<strong>Con Copia<\/strong>&#8221; o &#8220;<strong>Con Copia Oculta<\/strong>&#8220;, <strong>NUNCA se debe colocar todos los destinatarios en el campo &#8220;Para&#8221;.<\/strong><\/span><\/p>\n<p><span style=\"color: #000000;\"><strong>Los datos de contacto:<\/strong> tel\u00e9fono, \u00e1rea, dependencia, direcci\u00f3n postal, etc. no deben omitirse <strong>nunca<\/strong>, ya que por giros administrativos la nota puede ser direccionada hacia \u00e1reas o personas que no son nuestro &#8220;circulo&#8221; y quiz\u00e1s necesiten contactarnos para respondernos o aportar lo que solicitamos.<\/span><\/p>\n<p><span style=\"color: #000000;\">No ser espec\u00edficos con el destinatario, no firmar las notas\/e-mails\u00a0 y no responderlas, <strong>es de mala educaci\u00f3n<\/strong>.\u00a0<\/span><\/p>\n<p><span style=\"color: #000000;\">Si procuramos un ambiente de trabajo equilibrado y saludable, debemos ser considerados y educados en nuestras interacciones, ya sean verbales, escritas o electr\u00f3nicas.<\/span><\/p>\n","protected":false},"excerpt":{"rendered":"<p>Las notas y los correos electr\u00f3nicos no son un accesorio administrativo, son un veh\u00edculo comunicacional<\/p>\n","protected":false},"author":1,"featured_media":3405,"comment_status":"closed","ping_status":"closed","sticky":false,"template":"","format":"standard","meta":{"footnotes":""},"categories":[10,76,17],"tags":[],"class_list":["post-517","post","type-post","status-publish","format-standard","has-post-thumbnail","hentry","category-capacitacion","category-e-mails","category-procedimientos"],"_links":{"self":[{"href":"https:\/\/www.comodoro.gov.ar\/intranet\/wp-json\/wp\/v2\/posts\/517","targetHints":{"allow":["GET"]}}],"collection":[{"href":"https:\/\/www.comodoro.gov.ar\/intranet\/wp-json\/wp\/v2\/posts"}],"about":[{"href":"https:\/\/www.comodoro.gov.ar\/intranet\/wp-json\/wp\/v2\/types\/post"}],"author":[{"embeddable":true,"href":"https:\/\/www.comodoro.gov.ar\/intranet\/wp-json\/wp\/v2\/users\/1"}],"replies":[{"embeddable":true,"href":"https:\/\/www.comodoro.gov.ar\/intranet\/wp-json\/wp\/v2\/comments?post=517"}],"version-history":[{"count":7,"href":"https:\/\/www.comodoro.gov.ar\/intranet\/wp-json\/wp\/v2\/posts\/517\/revisions"}],"predecessor-version":[{"id":3449,"href":"https:\/\/www.comodoro.gov.ar\/intranet\/wp-json\/wp\/v2\/posts\/517\/revisions\/3449"}],"wp:featuredmedia":[{"embeddable":true,"href":"https:\/\/www.comodoro.gov.ar\/intranet\/wp-json\/wp\/v2\/media\/3405"}],"wp:attachment":[{"href":"https:\/\/www.comodoro.gov.ar\/intranet\/wp-json\/wp\/v2\/media?parent=517"}],"wp:term":[{"taxonomy":"category","embeddable":true,"href":"https:\/\/www.comodoro.gov.ar\/intranet\/wp-json\/wp\/v2\/categories?post=517"},{"taxonomy":"post_tag","embeddable":true,"href":"https:\/\/www.comodoro.gov.ar\/intranet\/wp-json\/wp\/v2\/tags?post=517"}],"curies":[{"name":"wp","href":"https:\/\/api.w.org\/{rel}","templated":true}]}}