{"id":659,"date":"2018-10-17T12:14:00","date_gmt":"2018-10-17T15:14:00","guid":{"rendered":"http:\/\/www.comodoro.gov.ar\/intranet\/?p=659"},"modified":"2025-07-15T14:12:31","modified_gmt":"2025-07-15T17:12:31","slug":"concurso-general-interno-1-un-cargo-director-juventud","status":"publish","type":"post","link":"https:\/\/www.comodoro.gov.ar\/intranet\/2018\/10\/17\/concurso-general-interno-1-un-cargo-director-juventud\/","title":{"rendered":"(FINALIZADO) Concurso General (interno) 1 (un) cargo Director &#8211; Juventud"},"content":{"rendered":"<p><span style=\"color: #000000;\">Concurso General (interno) 1 (un) cargo Director, Direcci\u00f3n de Juventud &#8211; Secretar\u00eda de Desarrollo Humano y Familia<\/span><\/p>\n<p><span style=\"color: #000000;\">La Municipalidad de Comodoro Rivadavia, por <a style=\"color: #000000;\" href=\"https:\/\/www.comodoro.gov.ar\/wp-content\/uploads\/2018\/10\/DIRECCION-JUVENTUD-GENERAL-OCT-2018.pdf\" target=\"_blank\" rel=\"noopener\"><strong>Resoluci\u00f3n N\u00b0 2523\/18<\/strong><\/a> llama a Concurso General para cubrir:<\/span><\/p>\n<p><span style=\"color: #000000;\"><strong>Cargo<\/strong> Director &#8211;\u00a0Direcci\u00f3n de Juventud<\/span><\/p>\n<p><span style=\"color: #000000;\">Direcci\u00f3n General de Protecci\u00f3n Integral de Derechos &#8211;\u00a0Secretar\u00eda de Desarrollo Humano y Familia<\/span><\/p>\n<p><span style=\"color: #000000;\"><strong>Clase de concurso:\u00a0<\/strong>Concurso General<\/span><\/p>\n<p><span style=\"color: #000000;\">\u201cPodr\u00e1n participar todos los empleados de carrera de la Administraci\u00f3n P\u00fablica Municipal que re\u00fanan los requisitos exigidos en el presente Ordenamiento\u201d (Art. 27 T\u00edtulo III Sistema de Selecci\u00f3n EEPM Ord. 6418-97 y sus modificatorias 6418-01\/01)<\/span><\/p>\n<p><span style=\"color: #000000;\"><strong>Cantidad de cargos a cubrir:<\/strong>\u00a01 (un) cargo de Director de Juventud<\/span><\/p>\n<p><span style=\"color: #000000;\"><strong>Categor\u00eda:<\/strong> 23<\/span><\/p>\n<p><span style=\"color: #000000;\">La equivalente a la que bajo la vigencia de la Ordenanza N\u00b0 153\/74 se designar\u00e1 Cat. 23 en un todo de acuerdo con la Ordenanza N\u00b0 6418-1\/01.<\/span><\/p>\n<p><span style=\"color: #000000;\"><strong>Funciones a desempe\u00f1ar:<\/strong>\u00a0Las previstas por Resoluci\u00f3n de Convocatoria N\u00b0 2523\/18.<\/span><\/p>\n<p><span style=\"color: #000000;\"><strong>Requisitos:<\/strong><\/span><\/p>\n<ul>\n<li><span style=\"color: #000000;\">Edad m\u00ednima 25 (veinticinco) a\u00f1os<\/span><\/li>\n<li><span style=\"color: #000000;\">Ser argentino nativo o naturalizado.<\/span><\/li>\n<li><span style=\"color: #000000;\">T\u00edtulo universitario habilitante (Licenciado en Psicolog\u00eda, Trabajo Social, Abogado, o af\u00edn)<\/span><\/li>\n<li><span style=\"color: #000000;\">Certificado vigente de antecedentes penales expedido por el Registro Nacional de Reincidencia.<\/span><\/li>\n<li><span style=\"color: #000000;\">Anexo III de la presente (Declaraciones jurada de domicilio y correo electr\u00f3nico para todos los efectos legales, de no encontrarse contemplado por el Art. N\u00b0 12 del EEPM y de no posesi\u00f3n de deudas).<\/span><\/li>\n<li><span style=\"color: #000000;\">Fotocopia DNI<\/span><\/li>\n<li><span style=\"color: #000000;\">Certificado de Salud expedido o refrendado por un Organismo de Salud P\u00fablica<\/span><\/li>\n<li><span style=\"color: #000000;\">Presentaci\u00f3n de Curr\u00edculum Vitae con detalle de la documentaci\u00f3n que se adjunta<\/span><\/li>\n<li><span style=\"color: #000000;\">Presentaci\u00f3n de proyecto de gesti\u00f3n (referenciado en la propuesta vigente e integrado m\u00ednimamente por: diagn\u00f3stico situacional, marco te\u00f3rico-normativo- objetivos, l\u00edneas de acci\u00f3n, indicadores y evaluaci\u00f3n)<\/span><\/li>\n<li><span style=\"color: #000000;\">Certificado de matr\u00edcula profesional.<\/span><\/li>\n<li><span style=\"color: #000000;\">Certificado de \u00c9tica Profesional<\/span><\/li>\n<li><span style=\"color: #000000;\">Deber\u00e1 acreditar competencias directivas y manejo de equipos<\/span><\/li>\n<li><span style=\"color: #000000;\">Cursos y seminarios relacionados con las tareas a desempe\u00f1ar<\/span><\/li>\n<li><span style=\"color: #000000;\">Aprobar la evaluaci\u00f3n de antecedentes, teniendo en cuenta que se requiere formaci\u00f3n profesional acorde al cargo a ocupar.<\/span><\/li>\n<\/ul>\n<p><span style=\"color: #000000;\"><strong>Lugar de presentaci\u00f3n:<\/strong><\/span><\/p>\n<p><span style=\"color: #000000;\">Enviar la documentaci\u00f3n en sobre cerrado a:<\/span><\/p>\n<p><span style=\"color: #000000;\">Subsecretar\u00eda de Recursos Humanos-Municipalidad de Comodoro Rivadavia<\/span><\/p>\n<p><span style=\"color: #000000;\"><strong>Direcci\u00f3n:<\/strong> Almirante Brown N\u00b0 555<\/span><\/p>\n<p><span style=\"color: #000000;\">Ciudad de Comodoro Rivadavia \u2013 Pcia. de Chubut \u2013 CP 9000<\/span><\/p>\n<p><span style=\"color: #000000;\">El sobre cerrado no debe contener identificaci\u00f3n personal, indicar en el mismo N\u00b0 de Resoluci\u00f3n de Convocatoria y cargo a concursar.<\/span><\/p>\n<p><span style=\"color: #000000;\"><strong>Fecha de apertura de inscripci\u00f3n:<\/strong> 29 de octubre de 2018<\/span><\/p>\n<p><span style=\"color: #000000;\"><strong>Fecha de cierre de inscripci\u00f3n:<\/strong> 02 de noviembre de 2018, inclusive<\/span><\/p>\n<p><span style=\"color: #000000;\"><strong>Horario:<\/strong> 8.30 a 14 hs.<\/span><\/p>\n<p><span style=\"color: #000000;\"><strong>Lugar donde podr\u00e1 obtener mayor informaci\u00f3n:<\/strong><\/span><\/p>\n<p><span style=\"color: #000000;\">Subsecretar\u00eda de Recursos Humanos \u2013 M.C.R.<\/span><\/p>\n<p><span style=\"color: #000000;\"><strong>Direcci\u00f3n:<\/strong>\u00a0 Almirante Brown 555\u00a0 \u00a0<\/span><\/p>\n<p><span style=\"color: #000000;\"><strong>Horario:<\/strong> Lunes a Viernes de 08:30 hrs. a 14 hrs. <\/span><\/p>\n<p><span style=\"color: #000000;\"><strong>Tel\u00e9fono:<\/strong> 0297 \u2013 4461867\/ 154248749<\/span><\/p>\n","protected":false},"excerpt":{"rendered":"<p>Concurso General (interno) 1 (un) cargo Director, Direcci\u00f3n de Juventud &#8211; Secretar\u00eda de Desarrollo Humano<\/p>\n","protected":false},"author":1,"featured_media":2522,"comment_status":"closed","ping_status":"closed","sticky":false,"template":"","format":"standard","meta":{"footnotes":""},"categories":[20],"tags":[],"class_list":["post-659","post","type-post","status-publish","format-standard","has-post-thumbnail","hentry","category-concursos"],"_links":{"self":[{"href":"https:\/\/www.comodoro.gov.ar\/intranet\/wp-json\/wp\/v2\/posts\/659","targetHints":{"allow":["GET"]}}],"collection":[{"href":"https:\/\/www.comodoro.gov.ar\/intranet\/wp-json\/wp\/v2\/posts"}],"about":[{"href":"https:\/\/www.comodoro.gov.ar\/intranet\/wp-json\/wp\/v2\/types\/post"}],"author":[{"embeddable":true,"href":"https:\/\/www.comodoro.gov.ar\/intranet\/wp-json\/wp\/v2\/users\/1"}],"replies":[{"embeddable":true,"href":"https:\/\/www.comodoro.gov.ar\/intranet\/wp-json\/wp\/v2\/comments?post=659"}],"version-history":[{"count":1,"href":"https:\/\/www.comodoro.gov.ar\/intranet\/wp-json\/wp\/v2\/posts\/659\/revisions"}],"predecessor-version":[{"id":3556,"href":"https:\/\/www.comodoro.gov.ar\/intranet\/wp-json\/wp\/v2\/posts\/659\/revisions\/3556"}],"wp:featuredmedia":[{"embeddable":true,"href":"https:\/\/www.comodoro.gov.ar\/intranet\/wp-json\/wp\/v2\/media\/2522"}],"wp:attachment":[{"href":"https:\/\/www.comodoro.gov.ar\/intranet\/wp-json\/wp\/v2\/media?parent=659"}],"wp:term":[{"taxonomy":"category","embeddable":true,"href":"https:\/\/www.comodoro.gov.ar\/intranet\/wp-json\/wp\/v2\/categories?post=659"},{"taxonomy":"post_tag","embeddable":true,"href":"https:\/\/www.comodoro.gov.ar\/intranet\/wp-json\/wp\/v2\/tags?post=659"}],"curies":[{"name":"wp","href":"https:\/\/api.w.org\/{rel}","templated":true}]}}