{"id":767,"date":"2019-10-24T13:28:13","date_gmt":"2019-10-24T16:28:13","guid":{"rendered":"http:\/\/www.comodoro.gov.ar\/intranet\/?p=767"},"modified":"2025-07-15T14:13:57","modified_gmt":"2025-07-15T17:13:57","slug":"memo-personal-ingresante-a-planta-transitoria-y-permanente-octubre-2019","status":"publish","type":"post","link":"https:\/\/www.comodoro.gov.ar\/intranet\/2019\/10\/24\/memo-personal-ingresante-a-planta-transitoria-y-permanente-octubre-2019\/","title":{"rendered":"Memo: Personal Ingresante a Planta Transitoria y Permanente &#8211; octubre 2019"},"content":{"rendered":"<p><strong><img fetchpriority=\"high\" decoding=\"async\" class=\" wp-image-768 alignleft\" src=\"http:\/\/www.comodoro.gov.ar\/intranet\/wp-content\/uploads\/2019\/10\/cronograma.jpg\" alt=\"\" width=\"328\" height=\"328\" \/><span style=\"color: #000000;\">PRODUCIDO POR:<\/span><\/strong><span style=\"color: #000000;\"> SUBSECRETARIA DE RECURSOS HUMANOS<\/span><\/p>\n<p><span style=\"color: #000000;\"><strong>PARA CONOCIMIENTO DE<\/strong>: TODAS LAS SECRETARIAS MUNICIPALES, TRIBUNALES DE FALTAS Y ENTES DESCENTRALIZADOS<\/span><\/p>\n<p><span style=\"color: #000000;\"><strong>ASUNTO<\/strong>: PERSONAL INGRESANTE A PLANTA TRANSITORIA y PERMANENTE OCTUBRE 2019<\/span><\/p>\n<p><span style=\"color: #000000;\"><strong>FECHA:<\/strong> 23 DE OCTUBRE DE 2019<\/span><\/p>\n<p><span style=\"color: #000000;\">En virtud de los ingresos a las plantas transitoria y permanente de este municipio, operados a partir del 1\u00b0 de octubre del 2019 seg\u00fan <strong>Ord. N\u00b0 <a href=\"http:\/\/www.comodoro.gov.ar\/intranet\/wp-content\/uploads\/2019\/10\/ORDENANZA-INGRESO-PLANTA-TRANSITORIA-OCTUBRE-2019.pdf\" target=\"_blank\" rel=\"noopener\">14852\/19<\/a><\/strong> y <a href=\"http:\/\/www.comodoro.gov.ar\/intranet\/wp-content\/uploads\/2019\/10\/ORDENANZA-INGRESO-PLANTA-PERMANENTE-OCTUBRE-2019.pdf\" target=\"_blank\" rel=\"noopener\"><strong>14851\/19<\/strong><\/a>, se cita a los agentes detallados en los Anexos I y II, a presentarse en la Subsecretar\u00eda de Recursos Humanos (Brown 555) en el horario de 14 a 17 hs. a efectos de su notificaci\u00f3n e informe de documentaci\u00f3n requerida y plazos de entrega, conforme el cronograma que se detalla:<\/span><\/p>\n<h3><span style=\"text-decoration: underline; color: #000000;\"><strong>Contrato a Planta Transitoria:<\/strong><\/span><\/h3>\n<p><span style=\"color: #000000;\"><strong>LUNES 28 DE OCTUBRE:<\/strong> Secretar\u00eda de Gobierno y Funci\u00f3n P\u00fablica<\/span><\/p>\n<p><span style=\"color: #000000;\"><strong>MARTES 29 DE OCTUBRE:<\/strong> Secretar\u00eda de Infraestructura, Obras y Servicios P\u00fablicos y de Seguridad<\/span><\/p>\n<p><span style=\"color: #000000;\"><strong>MIERCOLES 30 DE OCTUBRE:<\/strong> Secretar\u00eda de Econom\u00eda, Finanzas y Control de Gesti\u00f3n, de Recaudaci\u00f3n, Asesor\u00eda Letrada y Juzgados de Faltas N\u00b0 1, 2 y 3.<\/span><\/p>\n<p><span style=\"color: #000000;\"><strong>JUEVES 31 DE OCTUBRE:<\/strong> Secretar\u00eda General y de Relaciones Comunitarias, de Salud y de Cultura.<\/span><\/p>\n<p><span style=\"color: #000000;\"><strong>VIERNES 1 DE NOVIEMBRE:<\/strong> Secretar\u00eda de Tierras, de Desarrollo Humano y Familia y de Servicios a la Comunidad<\/span><\/p>\n<h3><span style=\"text-decoration: underline; color: #000000;\"><strong>Planta Transitoria a Permanente:<\/strong><\/span><\/h3>\n<p><span style=\"color: #000000;\"><strong>LUNES 4 DE NOVIEMBRE:<\/strong> Secretar\u00eda de Cultura, de Tierras, de Salud, de Desarrollo Humano y Familia, de Servicios a la Comunidad y General y de\u00a0Relaciones Comunitarias<\/span><\/p>\n<p><span style=\"color: #000000;\"><strong>MARTES 5 DE NOVIEMBRE<\/strong>: Secretar\u00eda de Recaudaci\u00f3n y de Econom\u00eda, Finanzas y Control de Gesti\u00f3n<\/span><\/p>\n<p><span style=\"color: #000000;\"><strong>MIERCOLES 6 DE NOVIEMBRE<\/strong>: Secretar\u00eda de Gobierno y Funci\u00f3n P\u00fablica y de Seguridad<\/span><\/p>\n<p><span style=\"color: #000000;\"><strong>LUNES 11 Y MARTES 12 DE NOVIEMBRE:<\/strong> Secretar\u00eda de Infraestructura, Obras y Servicios P\u00fablicos<\/span><\/p>\n<h3><span style=\"color: #000000;\"><strong>Se solicita respetar los d\u00edas y horarios asignados<\/strong><\/span><\/h3>\n","protected":false},"excerpt":{"rendered":"<p>PRODUCIDO POR: SUBSECRETARIA DE RECURSOS HUMANOS PARA CONOCIMIENTO DE: TODAS LAS SECRETARIAS MUNICIPALES, TRIBUNALES DE<\/p>\n","protected":false},"author":1,"featured_media":3421,"comment_status":"closed","ping_status":"closed","sticky":false,"template":"","format":"standard","meta":{"footnotes":""},"categories":[109,17,21],"tags":[],"class_list":["post-767","post","type-post","status-publish","format-standard","has-post-thumbnail","hentry","category-memos","category-procedimientos","category-rr-hh"],"_links":{"self":[{"href":"https:\/\/www.comodoro.gov.ar\/intranet\/wp-json\/wp\/v2\/posts\/767","targetHints":{"allow":["GET"]}}],"collection":[{"href":"https:\/\/www.comodoro.gov.ar\/intranet\/wp-json\/wp\/v2\/posts"}],"about":[{"href":"https:\/\/www.comodoro.gov.ar\/intranet\/wp-json\/wp\/v2\/types\/post"}],"author":[{"embeddable":true,"href":"https:\/\/www.comodoro.gov.ar\/intranet\/wp-json\/wp\/v2\/users\/1"}],"replies":[{"embeddable":true,"href":"https:\/\/www.comodoro.gov.ar\/intranet\/wp-json\/wp\/v2\/comments?post=767"}],"version-history":[{"count":1,"href":"https:\/\/www.comodoro.gov.ar\/intranet\/wp-json\/wp\/v2\/posts\/767\/revisions"}],"predecessor-version":[{"id":3555,"href":"https:\/\/www.comodoro.gov.ar\/intranet\/wp-json\/wp\/v2\/posts\/767\/revisions\/3555"}],"wp:featuredmedia":[{"embeddable":true,"href":"https:\/\/www.comodoro.gov.ar\/intranet\/wp-json\/wp\/v2\/media\/3421"}],"wp:attachment":[{"href":"https:\/\/www.comodoro.gov.ar\/intranet\/wp-json\/wp\/v2\/media?parent=767"}],"wp:term":[{"taxonomy":"category","embeddable":true,"href":"https:\/\/www.comodoro.gov.ar\/intranet\/wp-json\/wp\/v2\/categories?post=767"},{"taxonomy":"post_tag","embeddable":true,"href":"https:\/\/www.comodoro.gov.ar\/intranet\/wp-json\/wp\/v2\/tags?post=767"}],"curies":[{"name":"wp","href":"https:\/\/api.w.org\/{rel}","templated":true}]}}